{"id":444,"date":"2025-09-19T05:43:09","date_gmt":"2025-09-19T05:43:09","guid":{"rendered":"https:\/\/swissmemorial.ch\/?p=444"},"modified":"2025-09-19T05:43:25","modified_gmt":"2025-09-19T05:43:25","slug":"sample-blog-1","status":"publish","type":"post","link":"https:\/\/swissmemorial.ch\/fr\/sample-blog-1\/","title":{"rendered":"Sample Blog 1"},"content":{"rendered":"<div class=\"fusion-fullwidth fullwidth-box fusion-builder-row-1 fusion-flex-container nonhundred-percent-fullwidth non-hundred-percent-height-scrolling\" style=\"--awb-border-radius-top-left:0px;--awb-border-radius-top-right:0px;--awb-border-radius-bottom-right:0px;--awb-border-radius-bottom-left:0px;--awb-flex-wrap:wrap;\" ><div class=\"fusion-builder-row fusion-row fusion-flex-align-items-flex-start fusion-flex-content-wrap\" style=\"max-width:1331.2px;margin-left: calc(-4% \/ 2 );margin-right: calc(-4% \/ 2 );\"><div class=\"fusion-layout-column fusion_builder_column fusion-builder-column-0 fusion_builder_column_1_1 1_1 fusion-flex-column\" style=\"--awb-bg-size:cover;--awb-width-large:100%;--awb-margin-top-large:0px;--awb-spacing-right-large:1.92%;--awb-margin-bottom-large:20px;--awb-spacing-left-large:1.92%;--awb-width-medium:100%;--awb-order-medium:0;--awb-spacing-right-medium:1.92%;--awb-spacing-left-medium:1.92%;--awb-width-small:100%;--awb-order-small:0;--awb-spacing-right-small:1.92%;--awb-spacing-left-small:1.92%;\"><div class=\"fusion-column-wrapper fusion-column-has-shadow fusion-flex-justify-content-flex-start fusion-content-layout-column\"><div class=\"fusion-text fusion-text-1\"><p>Lorem ipsum dolor sit amet, consectetuer adipiscing elit. Aenean commodo ligula eget dolor. Aenean massa. Cum sociis natoque penatibus et magnis dis parturient montes, nascetur ridiculus mus. Donec quam felis, ultricies nec, pellentesque eu, pretium quis, sem.<\/p>\n<blockquote>\n<p>Nulla consequat massa quis enim. Donec pede justo, fringilla vel, aliquet nec, vulputate eget, arcu. In enim justo, rhoncus ut, imperdiet a, venenatis vitae, justo. Nullam dictum felis eu pede mollis pretium. Integer tincidunt. Cras dapibus. Vivamus elementum semper nisi. Aenean vulputate eleifend tellus. Aenean leo ligula, porttitor eu, consequat vitae, eleifend ac, enim.<\/p>\n<\/blockquote>\n<p><!--more--><\/p>\n<p>Nunc nec neque. Phasellus leo dolor, tempus non, auctor et, hendrerit quis, nisi. Curabitur ligula sapien, tincidunt non, euismod vitae, posuere imperdiet, leo. Maecenas malesuada. Praesent congue erat at massa. Sed cursus turpis vitae tortor.<\/p>\n<ul>\n<li>Donec posuere vulputate arcu.<\/li>\n<li>Phasellus accumsan cursus velit.<\/li>\n<li>Vestibulum ante ipsum primis in faucibus orci luctus et ultrices posuere cubilia Curae;<\/li>\n<li>Sed aliquam, nisi quis porttitor congue<\/li>\n<\/ul>\n<\/div><\/div><\/div><\/div><\/div>\n","protected":false},"excerpt":{"rendered":"<p>Lorem ipsum dolor sit amet, consectetuer adipiscing elit. Aenean commodo ligula eget dolor. Aenean massa. Cum sociis natoque penatibus et magnis dis parturient montes, nascetur ridiculus mus. Donec quam felis, ultricies nec, pellentesque eu, pretium quis, sem.<\/p>\n","protected":false},"author":2,"featured_media":442,"comment_status":"closed","ping_status":"closed","sticky":false,"template":"","format":"standard","meta":{"footnotes":""},"categories":[6],"tags":[],"class_list":["post-444","post","type-post","status-publish","format-standard","has-post-thumbnail","hentry","category-non-classifiee"],"yoast_head":"<!-- This site is optimized with the Yoast SEO plugin v25.5 - https:\/\/yoast.com\/wordpress\/plugins\/seo\/ -->\n<title>Sample Blog 1 - Swiss Memorial<\/title>\n<meta name=\"robots\" content=\"index, follow, max-snippet:-1, max-image-preview:large, max-video-preview:-1\" \/>\n<link rel=\"canonical\" href=\"https:\/\/swissmemorial.ch\/fr\/sample-blog-1\/\" \/>\n<meta property=\"og:locale\" content=\"fr_FR\" \/>\n<meta property=\"og:type\" content=\"article\" \/>\n<meta property=\"og:title\" content=\"Sample Blog 1 - Swiss Memorial\" \/>\n<meta property=\"og:description\" content=\"Lorem ipsum dolor sit amet, consectetuer adipiscing elit. Aenean commodo ligula eget dolor. Aenean massa. Cum sociis natoque penatibus et magnis dis parturient montes, nascetur ridiculus mus. Donec quam felis, ultricies nec, pellentesque eu, pretium quis, sem.\" \/>\n<meta property=\"og:url\" content=\"https:\/\/swissmemorial.ch\/fr\/sample-blog-1\/\" \/>\n<meta property=\"og:site_name\" content=\"Swiss Memorial\" \/>\n<meta property=\"article:published_time\" content=\"2025-09-19T05:43:09+00:00\" \/>\n<meta property=\"article:modified_time\" content=\"2025-09-19T05:43:25+00:00\" \/>\n<meta property=\"og:image\" content=\"https:\/\/swissmemorial.ch\/wp-content\/uploads\/2021\/05\/blog-page-img1.jpg\" \/>\n\t<meta property=\"og:image:width\" content=\"1500\" \/>\n\t<meta property=\"og:image:height\" content=\"1000\" \/>\n\t<meta property=\"og:image:type\" content=\"image\/jpeg\" \/>\n<meta name=\"author\" content=\"swissmemorial_admin\" \/>\n<meta name=\"twitter:card\" content=\"summary_large_image\" \/>\n<meta name=\"twitter:creator\" content=\"@swissmemorial_admin\" \/>\n<meta name=\"twitter:label1\" content=\"\u00c9crit par\" \/>\n\t<meta name=\"twitter:data1\" content=\"swissmemorial_admin\" \/>\n\t<meta name=\"twitter:label2\" content=\"Dur\u00e9e de lecture estim\u00e9e\" \/>\n\t<meta name=\"twitter:data2\" content=\"4 minutes\" \/>\n<script type=\"application\/ld+json\" class=\"yoast-schema-graph\">{\"@context\":\"https:\/\/schema.org\",\"@graph\":[{\"@type\":\"WebPage\",\"@id\":\"https:\/\/swissmemorial.ch\/fr\/sample-blog-1\/\",\"url\":\"https:\/\/swissmemorial.ch\/fr\/sample-blog-1\/\",\"name\":\"Sample Blog 1 - Swiss Memorial\",\"isPartOf\":{\"@id\":\"https:\/\/swissmemorial.ch\/fr\/#website\"},\"primaryImageOfPage\":{\"@id\":\"https:\/\/swissmemorial.ch\/fr\/sample-blog-1\/#primaryimage\"},\"image\":{\"@id\":\"https:\/\/swissmemorial.ch\/fr\/sample-blog-1\/#primaryimage\"},\"thumbnailUrl\":\"https:\/\/swissmemorial.ch\/wp-content\/uploads\/2021\/05\/blog-page-img1.jpg\",\"datePublished\":\"2025-09-19T05:43:09+00:00\",\"dateModified\":\"2025-09-19T05:43:25+00:00\",\"author\":{\"@id\":\"https:\/\/swissmemorial.ch\/fr\/#\/schema\/person\/2e5659bdbb6aabb37fd0bb3ab00daf1c\"},\"breadcrumb\":{\"@id\":\"https:\/\/swissmemorial.ch\/fr\/sample-blog-1\/#breadcrumb\"},\"inLanguage\":\"fr-FR\",\"potentialAction\":[{\"@type\":\"ReadAction\",\"target\":[\"https:\/\/swissmemorial.ch\/fr\/sample-blog-1\/\"]}]},{\"@type\":\"ImageObject\",\"inLanguage\":\"fr-FR\",\"@id\":\"https:\/\/swissmemorial.ch\/fr\/sample-blog-1\/#primaryimage\",\"url\":\"https:\/\/swissmemorial.ch\/wp-content\/uploads\/2021\/05\/blog-page-img1.jpg\",\"contentUrl\":\"https:\/\/swissmemorial.ch\/wp-content\/uploads\/2021\/05\/blog-page-img1.jpg\",\"width\":1500,\"height\":1000},{\"@type\":\"BreadcrumbList\",\"@id\":\"https:\/\/swissmemorial.ch\/fr\/sample-blog-1\/#breadcrumb\",\"itemListElement\":[{\"@type\":\"ListItem\",\"position\":1,\"name\":\"Home\",\"item\":\"https:\/\/swissmemorial.ch\/fr\/\"},{\"@type\":\"ListItem\",\"position\":2,\"name\":\"Sample Blog 1\"}]},{\"@type\":\"WebSite\",\"@id\":\"https:\/\/swissmemorial.ch\/fr\/#website\",\"url\":\"https:\/\/swissmemorial.ch\/fr\/\",\"name\":\"Swiss Memorial\",\"description\":\"\",\"potentialAction\":[{\"@type\":\"SearchAction\",\"target\":{\"@type\":\"EntryPoint\",\"urlTemplate\":\"https:\/\/swissmemorial.ch\/fr\/?s={search_term_string}\"},\"query-input\":{\"@type\":\"PropertyValueSpecification\",\"valueRequired\":true,\"valueName\":\"search_term_string\"}}],\"inLanguage\":\"fr-FR\"},{\"@type\":\"Person\",\"@id\":\"https:\/\/swissmemorial.ch\/fr\/#\/schema\/person\/2e5659bdbb6aabb37fd0bb3ab00daf1c\",\"name\":\"swissmemorial_admin\",\"image\":{\"@type\":\"ImageObject\",\"inLanguage\":\"fr-FR\",\"@id\":\"https:\/\/swissmemorial.ch\/fr\/#\/schema\/person\/image\/\",\"url\":\"https:\/\/secure.gravatar.com\/avatar\/829186f7617a7be11e3176d7247720516256015bb479fc3a0e0dc51c61d5f59f?s=96&d=mm&r=g\",\"contentUrl\":\"https:\/\/secure.gravatar.com\/avatar\/829186f7617a7be11e3176d7247720516256015bb479fc3a0e0dc51c61d5f59f?s=96&d=mm&r=g\",\"caption\":\"swissmemorial_admin\"},\"sameAs\":[\"https:\/\/x.com\/swissmemorial_admin\"],\"url\":\"https:\/\/swissmemorial.ch\/fr\/author\/swissmemorial_admin\/\"}]}<\/script>\n<!-- \/ Yoast SEO plugin. -->","yoast_head_json":{"title":"Sample Blog 1 - Swiss Memorial","robots":{"index":"index","follow":"follow","max-snippet":"max-snippet:-1","max-image-preview":"max-image-preview:large","max-video-preview":"max-video-preview:-1"},"canonical":"https:\/\/swissmemorial.ch\/fr\/sample-blog-1\/","og_locale":"fr_FR","og_type":"article","og_title":"Sample Blog 1 - Swiss Memorial","og_description":"Lorem ipsum dolor sit amet, consectetuer adipiscing elit. Aenean commodo ligula eget dolor. Aenean massa. Cum sociis natoque penatibus et magnis dis parturient montes, nascetur ridiculus mus. Donec quam felis, ultricies nec, pellentesque eu, pretium quis, sem.","og_url":"https:\/\/swissmemorial.ch\/fr\/sample-blog-1\/","og_site_name":"Swiss Memorial","article_published_time":"2025-09-19T05:43:09+00:00","article_modified_time":"2025-09-19T05:43:25+00:00","og_image":[{"width":1500,"height":1000,"url":"https:\/\/swissmemorial.ch\/wp-content\/uploads\/2021\/05\/blog-page-img1.jpg","type":"image\/jpeg"}],"author":"swissmemorial_admin","twitter_card":"summary_large_image","twitter_creator":"@swissmemorial_admin","twitter_misc":{"\u00c9crit par":"swissmemorial_admin","Dur\u00e9e de lecture estim\u00e9e":"4 minutes"},"schema":{"@context":"https:\/\/schema.org","@graph":[{"@type":"WebPage","@id":"https:\/\/swissmemorial.ch\/fr\/sample-blog-1\/","url":"https:\/\/swissmemorial.ch\/fr\/sample-blog-1\/","name":"Sample Blog 1 - Swiss Memorial","isPartOf":{"@id":"https:\/\/swissmemorial.ch\/fr\/#website"},"primaryImageOfPage":{"@id":"https:\/\/swissmemorial.ch\/fr\/sample-blog-1\/#primaryimage"},"image":{"@id":"https:\/\/swissmemorial.ch\/fr\/sample-blog-1\/#primaryimage"},"thumbnailUrl":"https:\/\/swissmemorial.ch\/wp-content\/uploads\/2021\/05\/blog-page-img1.jpg","datePublished":"2025-09-19T05:43:09+00:00","dateModified":"2025-09-19T05:43:25+00:00","author":{"@id":"https:\/\/swissmemorial.ch\/fr\/#\/schema\/person\/2e5659bdbb6aabb37fd0bb3ab00daf1c"},"breadcrumb":{"@id":"https:\/\/swissmemorial.ch\/fr\/sample-blog-1\/#breadcrumb"},"inLanguage":"fr-FR","potentialAction":[{"@type":"ReadAction","target":["https:\/\/swissmemorial.ch\/fr\/sample-blog-1\/"]}]},{"@type":"ImageObject","inLanguage":"fr-FR","@id":"https:\/\/swissmemorial.ch\/fr\/sample-blog-1\/#primaryimage","url":"https:\/\/swissmemorial.ch\/wp-content\/uploads\/2021\/05\/blog-page-img1.jpg","contentUrl":"https:\/\/swissmemorial.ch\/wp-content\/uploads\/2021\/05\/blog-page-img1.jpg","width":1500,"height":1000},{"@type":"BreadcrumbList","@id":"https:\/\/swissmemorial.ch\/fr\/sample-blog-1\/#breadcrumb","itemListElement":[{"@type":"ListItem","position":1,"name":"Home","item":"https:\/\/swissmemorial.ch\/fr\/"},{"@type":"ListItem","position":2,"name":"Sample Blog 1"}]},{"@type":"WebSite","@id":"https:\/\/swissmemorial.ch\/fr\/#website","url":"https:\/\/swissmemorial.ch\/fr\/","name":"Swiss Memorial","description":"","potentialAction":[{"@type":"SearchAction","target":{"@type":"EntryPoint","urlTemplate":"https:\/\/swissmemorial.ch\/fr\/?s={search_term_string}"},"query-input":{"@type":"PropertyValueSpecification","valueRequired":true,"valueName":"search_term_string"}}],"inLanguage":"fr-FR"},{"@type":"Person","@id":"https:\/\/swissmemorial.ch\/fr\/#\/schema\/person\/2e5659bdbb6aabb37fd0bb3ab00daf1c","name":"swissmemorial_admin","image":{"@type":"ImageObject","inLanguage":"fr-FR","@id":"https:\/\/swissmemorial.ch\/fr\/#\/schema\/person\/image\/","url":"https:\/\/secure.gravatar.com\/avatar\/829186f7617a7be11e3176d7247720516256015bb479fc3a0e0dc51c61d5f59f?s=96&d=mm&r=g","contentUrl":"https:\/\/secure.gravatar.com\/avatar\/829186f7617a7be11e3176d7247720516256015bb479fc3a0e0dc51c61d5f59f?s=96&d=mm&r=g","caption":"swissmemorial_admin"},"sameAs":["https:\/\/x.com\/swissmemorial_admin"],"url":"https:\/\/swissmemorial.ch\/fr\/author\/swissmemorial_admin\/"}]}},"_links":{"self":[{"href":"https:\/\/swissmemorial.ch\/fr\/wp-json\/wp\/v2\/posts\/444","targetHints":{"allow":["GET"]}}],"collection":[{"href":"https:\/\/swissmemorial.ch\/fr\/wp-json\/wp\/v2\/posts"}],"about":[{"href":"https:\/\/swissmemorial.ch\/fr\/wp-json\/wp\/v2\/types\/post"}],"author":[{"embeddable":true,"href":"https:\/\/swissmemorial.ch\/fr\/wp-json\/wp\/v2\/users\/2"}],"replies":[{"embeddable":true,"href":"https:\/\/swissmemorial.ch\/fr\/wp-json\/wp\/v2\/comments?post=444"}],"version-history":[{"count":3,"href":"https:\/\/swissmemorial.ch\/fr\/wp-json\/wp\/v2\/posts\/444\/revisions"}],"predecessor-version":[{"id":449,"href":"https:\/\/swissmemorial.ch\/fr\/wp-json\/wp\/v2\/posts\/444\/revisions\/449"}],"wp:featuredmedia":[{"embeddable":true,"href":"https:\/\/swissmemorial.ch\/fr\/wp-json\/wp\/v2\/media\/442"}],"wp:attachment":[{"href":"https:\/\/swissmemorial.ch\/fr\/wp-json\/wp\/v2\/media?parent=444"}],"wp:term":[{"taxonomy":"category","embeddable":true,"href":"https:\/\/swissmemorial.ch\/fr\/wp-json\/wp\/v2\/categories?post=444"},{"taxonomy":"post_tag","embeddable":true,"href":"https:\/\/swissmemorial.ch\/fr\/wp-json\/wp\/v2\/tags?post=444"}],"curies":[{"name":"wp","href":"https:\/\/api.w.org\/{rel}","templated":true}]}}